[{"@context":"https:\/\/schema.org\/","@type":"Article","@id":"https:\/\/www.bjolly.cz\/na-cesty-jedine-s-radiem-impuls\/#Article","mainEntityOfPage":"https:\/\/www.bjolly.cz\/na-cesty-jedine-s-radiem-impuls\/","headline":"Na cesty jedin\u011b s r\u00e1diem Impuls","name":"Na cesty jedin\u011b s r\u00e1diem Impuls","description":"Poslechnete si r\u00e1di \u010deskou p\u00edsni\u010dku? Pot\u0159ebujete m\u00edt na dosah aktu\u00e1ln\u00ed informace o d\u011bn\u00ed na silnic\u00edch? R\u00e1di se bav\u00edte a poslechnete zaj\u00edmav\u00e9 po\u0159ady a sout\u011b\u017ee? Naladili jste si spr\u00e1vn\u011b. \u010cesk\u00e1 stanice, kterou si m\u016f\u017eete poslechnout doma i v zahrani\u010d\u00ed, t\u0159eba online. Kdy\u017e zazn\u00ed va\u0161e obl\u00edben\u00e1 p\u00edse\u0148, den se hned zd\u00e1 kr\u00e1sn\u011bj\u0161\u00ed a veselej\u0161\u00ed, i kdy\u017e zrovna [&hellip;]","datePublished":"2023-10-22","dateModified":"2023-10-22","author":{"@type":"Person","@id":"https:\/\/www.bjolly.cz\/author\/#Person","name":"","url":"https:\/\/www.bjolly.cz\/author\/","identifier":1,"image":{"@type":"ImageObject","@id":"https:\/\/secure.gravatar.com\/avatar\/06eaac2906ebd8f5abb4917f3140de1503ec690466d6a69c4ec202bf5b15537c?s=96&d=mm&r=g","url":"https:\/\/secure.gravatar.com\/avatar\/06eaac2906ebd8f5abb4917f3140de1503ec690466d6a69c4ec202bf5b15537c?s=96&d=mm&r=g","height":96,"width":96}},"publisher":{"@type":"Organization","name":"bjolly.cz","logo":{"@type":"ImageObject","@id":"\/logo.png","url":"\/logo.png","width":600,"height":60}},"url":"https:\/\/www.bjolly.cz\/na-cesty-jedine-s-radiem-impuls\/","wordCount":248,"articleBody":"Poslechnete si r\u00e1di \u010deskou p\u00edsni\u010dku? Pot\u0159ebujete m\u00edt na dosah aktu\u00e1ln\u00ed informace o d\u011bn\u00ed na silnic\u00edch? R\u00e1di se bav\u00edte a poslechnete zaj\u00edmav\u00e9 po\u0159ady a sout\u011b\u017ee? Naladili jste si spr\u00e1vn\u011b. \u010cesk\u00e1 stanice, kterou si m\u016f\u017eete poslechnout doma i v zahrani\u010d\u00ed, t\u0159eba online. Kdy\u017e zazn\u00ed va\u0161e obl\u00edben\u00e1 p\u00edse\u0148, den se hned zd\u00e1 kr\u00e1sn\u011bj\u0161\u00ed a veselej\u0161\u00ed, i kdy\u017e zrovna \u0159e\u0161\u00edte n\u011bco t\u011b\u017ek\u00e9ho a nep\u0159\u00edjemn\u00e9ho. Skv\u011bl\u00e9 letn\u00ed hity, v zim\u011b n\u00e1dhern\u00e9 v\u00e1no\u010dn\u00ed nalad\u011bn\u00ed. Zp\u0159\u00edjemn\u011bte si svoje chv\u00edle, a\u0165 jste kdekoliv.\tP\u0159\u00e1telsk\u00e1 atmosf\u00e9ra na ka\u017ed\u00e9m krokuJestli chcete za\u010d\u00edt i skon\u010dit den s r\u00e1diem Impuls, tak jste se rozhodli nejl\u00e9pe, jak jste um\u011bli. Skv\u011bl\u00e1 \u010desk\u00e1 muzika a p\u0159\u00e1tel\u0161t\u00ed moder\u00e1to\u0159i se nen\u00e1padn\u011b vloud\u00ed do va\u0161ich domov\u016f a nalad\u00ed tu spr\u00e1vnou pohodovou atmosf\u00e9ru. \u0160patnou n\u00e1ladu okam\u017eit\u011b vyl\u00e9\u010d\u00ed a v\u00e1m se hned v\u0161echno bude zd\u00e1t jasn\u011bj\u0161\u00ed. Jednou pust\u00edte a u\u017e se v\u00e1m nebude cht\u00edt vyp\u00ednat. Jen si p\u0159edstavte, jak skv\u011ble se v\u00e1m bude pracovat, kdy\u017e v\u00e1s p\u0159iv\u00edt\u00e1 do nov\u00e9ho dne p\u0159\u00edjemn\u00fd moder\u00e1tor a je\u0161t\u011b v\u00e1m nech\u00e1 zahr\u00e1t va\u0161i obl\u00edbenou p\u00edsni\u010dku. Den bude za to st\u00e1t.                                                                                                                                                                                                                                                                                                                                                                                        4.9\/5 - (8 votes)        "},{"@context":"https:\/\/schema.org\/","@type":"BreadcrumbList","itemListElement":[{"@type":"ListItem","position":1,"name":"Na cesty jedin\u011b s r\u00e1diem Impuls","item":"https:\/\/www.bjolly.cz\/na-cesty-jedine-s-radiem-impuls\/#breadcrumbitem"}]}]