{"@context":"https:\/\/schema.org\/","@type":"CollectionPage","@id":"https:\/\/www.bjolly.cz\/cestovani\/#CollectionPage","headline":"Cestov\u00e1n\u00ed Category","description":"","url":"https:\/\/www.bjolly.cz\/cestovani\/","hasPart":[{"@type":"Article","@id":"https:\/\/www.bjolly.cz\/romanticke-trampovani\/","headline":"Romantick\u00e9 trampov\u00e1n\u00ed","url":"https:\/\/www.bjolly.cz\/romanticke-trampovani\/","datePublished":"2025-03-04","dateModified":"2023-05-01","mainEntityOfPage":"https:\/\/www.bjolly.cz\/romanticke-trampovani\/","author":{"@type":"Person","@id":"https:\/\/www.bjolly.cz\/author\/#Person","name":"","url":"https:\/\/www.bjolly.cz\/author\/","identifier":1,"image":{"@type":"ImageObject","@id":"https:\/\/secure.gravatar.com\/avatar\/06eaac2906ebd8f5abb4917f3140de1503ec690466d6a69c4ec202bf5b15537c?s=96&d=mm&r=g","url":"https:\/\/secure.gravatar.com\/avatar\/06eaac2906ebd8f5abb4917f3140de1503ec690466d6a69c4ec202bf5b15537c?s=96&d=mm&r=g","height":96,"width":96}},"publisher":{"@type":"Organization","name":"bjolly.cz","logo":{"@type":"ImageObject","@id":"\/logo.png","url":"\/logo.png","width":600,"height":60}},"image":{"@type":"ImageObject","@id":"https:\/\/www.bjolly.cz\/wp-content\/uploads\/img_a313467_w2556_t1524254616.jpg","url":"https:\/\/www.bjolly.cz\/wp-content\/uploads\/img_a313467_w2556_t1524254616.jpg","height":0,"width":0},"keywords":null},{"@type":"Article","@id":"https:\/\/www.bjolly.cz\/vesnicka-ktera-nema-konkurenci\/","headline":"Vesni\u010dka, kter\u00e1 nem\u00e1 konkurenci","url":"https:\/\/www.bjolly.cz\/vesnicka-ktera-nema-konkurenci\/","datePublished":"2025-03-04","dateModified":"2023-05-01","mainEntityOfPage":"https:\/\/www.bjolly.cz\/vesnicka-ktera-nema-konkurenci\/","author":{"@type":"Person","@id":"https:\/\/www.bjolly.cz\/author\/#Person","name":"","url":"https:\/\/www.bjolly.cz\/author\/","identifier":1,"image":{"@type":"ImageObject","@id":"https:\/\/secure.gravatar.com\/avatar\/06eaac2906ebd8f5abb4917f3140de1503ec690466d6a69c4ec202bf5b15537c?s=96&d=mm&r=g","url":"https:\/\/secure.gravatar.com\/avatar\/06eaac2906ebd8f5abb4917f3140de1503ec690466d6a69c4ec202bf5b15537c?s=96&d=mm&r=g","height":96,"width":96}},"publisher":{"@type":"Organization","name":"bjolly.cz","logo":{"@type":"ImageObject","@id":"\/logo.png","url":"\/logo.png","width":600,"height":60}},"image":{"@type":"ImageObject","@id":"https:\/\/www.bjolly.cz\/wp-content\/uploads\/img_a319253_w2556_t1530125726.jpg","url":"https:\/\/www.bjolly.cz\/wp-content\/uploads\/img_a319253_w2556_t1530125726.jpg","height":0,"width":0},"keywords":null},{"@type":"Article","@id":"https:\/\/www.bjolly.cz\/epicka-mista-bulharska-o-kterych-nevi-ani-samotni-bulhari\/","headline":"Epick\u00e1 m\u00edsta Bulharska, o kter\u00fdch nev\u00ed ani samotn\u00ed Bulha\u0159i","url":"https:\/\/www.bjolly.cz\/epicka-mista-bulharska-o-kterych-nevi-ani-samotni-bulhari\/","datePublished":"2025-03-02","dateModified":"2023-05-01","mainEntityOfPage":"https:\/\/www.bjolly.cz\/epicka-mista-bulharska-o-kterych-nevi-ani-samotni-bulhari\/","author":{"@type":"Person","@id":"https:\/\/www.bjolly.cz\/author\/#Person","name":"","url":"https:\/\/www.bjolly.cz\/author\/","identifier":1,"image":{"@type":"ImageObject","@id":"https:\/\/secure.gravatar.com\/avatar\/06eaac2906ebd8f5abb4917f3140de1503ec690466d6a69c4ec202bf5b15537c?s=96&d=mm&r=g","url":"https:\/\/secure.gravatar.com\/avatar\/06eaac2906ebd8f5abb4917f3140de1503ec690466d6a69c4ec202bf5b15537c?s=96&d=mm&r=g","height":96,"width":96}},"publisher":{"@type":"Organization","name":"bjolly.cz","logo":{"@type":"ImageObject","@id":"\/logo.png","url":"\/logo.png","width":600,"height":60}},"image":{"@type":"ImageObject","@id":"https:\/\/www.bjolly.cz\/wp-content\/uploads\/img_a340681_w2556_t1553597512.jpg","url":"https:\/\/www.bjolly.cz\/wp-content\/uploads\/img_a340681_w2556_t1553597512.jpg","height":0,"width":0},"keywords":null},{"@type":"Article","@id":"https:\/\/www.bjolly.cz\/letni-prazdniny-zvladnuty\/","headline":"Letn\u00ed pr\u00e1zdniny \u2013 zvl\u00e1dnuty!","url":"https:\/\/www.bjolly.cz\/letni-prazdniny-zvladnuty\/","datePublished":"2018-06-15","dateModified":"2023-05-01","mainEntityOfPage":"https:\/\/www.bjolly.cz\/letni-prazdniny-zvladnuty\/","author":{"@type":"Person","@id":"https:\/\/www.bjolly.cz\/author\/#Person","name":"","url":"https:\/\/www.bjolly.cz\/author\/","identifier":1,"image":{"@type":"ImageObject","@id":"https:\/\/secure.gravatar.com\/avatar\/06eaac2906ebd8f5abb4917f3140de1503ec690466d6a69c4ec202bf5b15537c?s=96&d=mm&r=g","url":"https:\/\/secure.gravatar.com\/avatar\/06eaac2906ebd8f5abb4917f3140de1503ec690466d6a69c4ec202bf5b15537c?s=96&d=mm&r=g","height":96,"width":96}},"publisher":{"@type":"Organization","name":"bjolly.cz","logo":{"@type":"ImageObject","@id":"\/logo.png","url":"\/logo.png","width":600,"height":60}},"image":{"@type":"ImageObject","@id":"https:\/\/www.bjolly.cz\/wp-content\/uploads\/img_a320904_w2556_t1532162798.jpg","url":"https:\/\/www.bjolly.cz\/wp-content\/uploads\/img_a320904_w2556_t1532162798.jpg","height":0,"width":0},"keywords":null}]}